{"id":1221,"date":"2026-08-27T22:32:39","date_gmt":"2026-08-27T20:32:39","guid":{"rendered":"https:\/\/smb-kleinenbroich.de\/home\/?p=1221"},"modified":"2026-08-27T22:46:23","modified_gmt":"2026-08-27T20:46:23","slug":"terminaenderung-kevelaerwallfahrt-am-samstag-19-september-2026","status":"publish","type":"post","link":"https:\/\/smb-kleinenbroich.de\/home\/2026\/08\/27\/terminaenderung-kevelaerwallfahrt-am-samstag-19-september-2026\/","title":{"rendered":"Termin\u00e4nderung: Kevelaerwallfahrt am Samstag, 19. September 2026"},"content":{"rendered":"\n<p class=\"wp-block-paragraph\"><strong>Bitte beachten: Aufgrund organisatorischer Umst\u00e4nde findet unsere diesj\u00e4hrige Kevelaerwallfahrt abweichend vom urspr\u00fcnglich vorgesehenen Termin bereits am Samstag, den 19. September 2026, statt.<\/strong><\/p>\n\n\n\n<p class=\"wp-block-paragraph\">Die St.-Matthias-Bruderschaft Kleinenbroich l\u00e4dt alle Mitglieder sowie interessierte Pilgerinnen und Pilger herzlich ein, sich gemeinsam auf den Weg nach Kevelaer zu machen.<\/p>\n\n\n\n<p class=\"wp-block-paragraph\">Wir starten in der Dunkelheit und erleben unterwegs, wie langsam der neue Tag anbricht. Gebete, Impulse und gemeinsame Lieder begleiten uns auf dem knapp 30 Kilometer langen Weg.<\/p>\n\n\n\n<p class=\"wp-block-paragraph\">Treffpunkt ist am Samstag, den 19. September 2026, um 6:00 Uhr am Kirmesplatz in Kleinenbroich. Die Wegstrecke nach Kevelaer betr\u00e4gt knapp 30 Kilometer. Dort feiern wir um 16:00 Uhr gemeinsam den Pilgergottesdienst. Im Anschluss erfolgt die R\u00fcckreise nach Kleinenbroich.<\/p>\n\n\n\n<h2 class=\"wp-block-heading\">Anmeldung erforderlich<\/h2>\n\n\n\n<p class=\"wp-block-paragraph\">Die Anmeldung ist \u00fcber das\u00a0<a href=\"https:\/\/smb-kleinenbroich.de\/home\/anmeldung-zur-fuss-und-radwallfahrt-nach-kevelaer-2025\/\" data-type=\"page\" data-id=\"861\">Anmeldeformular<\/a> auf unserer Homepage\u00a0oder direkt\u00a0bei Thomas Bommes\u00a0m\u00f6glich. Eine vorherige Anmeldung ist erforderlich, damit wir die Wallfahrt verl\u00e4sslich planen und alle notwendigen Bestellungen rechtzeitig vornehmen k\u00f6nnen.<\/p>\n\n\n\n<p class=\"wp-block-paragraph\">\u00dcber eine gro\u00dfen Anzahl von Pilgerinnen und Pilger w\u00fcrden wir uns sehr freuen.<\/p>\n\n\n\n<p class=\"wp-block-paragraph\">Der Vorstand<br>St.-Matthias-Bruderschaft Kleinenbroich<\/p>\n\n\n\n<p class=\"wp-block-paragraph\"><\/p>\n","protected":false},"excerpt":{"rendered":"<p>Bitte beachten: Aufgrund organisatorischer Umst\u00e4nde findet unsere diesj\u00e4hrige Kevelaerwallfahrt abweichend vom urspr\u00fcnglich vorgesehenen Termin bereits am Samstag, den 19. September 2026, statt. Die St.-Matthias-Bruderschaft&#8230;<\/p>\n","protected":false},"author":1,"featured_media":0,"comment_status":"open","ping_status":"open","sticky":false,"template":"","format":"standard","meta":{"_jetpack_newsletter_access":"","_jetpack_dont_email_post_to_subs":false,"_jetpack_newsletter_tier_id":0,"_jetpack_memberships_contains_paywalled_content":false,"_jetpack_feature_clip_id":0,"_jetpack_memberships_contains_paid_content":false,"footnotes":"","jetpack_post_was_ever_published":false},"categories":[12],"tags":[],"class_list":["post-1221","post","type-post","status-publish","format-standard","hentry","category-einladungen"],"yoast_head":"<!-- This site is optimized with the Yoast SEO plugin v28.1 - https:\/\/yoast.com\/product\/yoast-seo-wordpress\/ -->\n<title>Termin\u00e4nderung: Kevelaerwallfahrt am Samstag, 19. September 2026 - st.matthias.bruderschaft<\/title>\n<meta name=\"robots\" content=\"index, follow, max-snippet:-1, max-image-preview:large, max-video-preview:-1\" \/>\n<link rel=\"canonical\" href=\"https:\/\/smb-kleinenbroich.de\/home\/2026\/08\/27\/terminaenderung-kevelaerwallfahrt-am-samstag-19-september-2026\/\" \/>\n<meta property=\"og:locale\" content=\"de_DE\" \/>\n<meta property=\"og:type\" content=\"article\" \/>\n<meta property=\"og:title\" content=\"Termin\u00e4nderung: Kevelaerwallfahrt am Samstag, 19. September 2026 - st.matthias.bruderschaft\" \/>\n<meta property=\"og:description\" content=\"Bitte beachten: Aufgrund organisatorischer Umst\u00e4nde findet unsere diesj\u00e4hrige Kevelaerwallfahrt abweichend vom urspr\u00fcnglich vorgesehenen Termin bereits am Samstag, den 19. September 2026, statt. Die St.-Matthias-Bruderschaft...\" \/>\n<meta property=\"og:url\" content=\"https:\/\/smb-kleinenbroich.de\/home\/2026\/08\/27\/terminaenderung-kevelaerwallfahrt-am-samstag-19-september-2026\/\" \/>\n<meta property=\"og:site_name\" content=\"st.matthias.bruderschaft\" \/>\n<meta property=\"article:publisher\" content=\"https:\/\/www.facebook.com\/groups\/240086402704272\/\" \/>\n<meta property=\"article:published_time\" content=\"2026-08-27T20:32:39+00:00\" \/>\n<meta property=\"article:modified_time\" content=\"2026-08-27T20:46:23+00:00\" \/>\n<meta name=\"author\" content=\"thomas\" \/>\n<meta name=\"twitter:card\" content=\"summary_large_image\" \/>\n<meta name=\"twitter:label1\" content=\"Verfasst von\" \/>\n\t<meta name=\"twitter:data1\" content=\"thomas\" \/>\n\t<meta name=\"twitter:label2\" content=\"Gesch\u00e4tzte Lesezeit\" \/>\n\t<meta name=\"twitter:data2\" content=\"1\u00a0Minute\" \/>\n<script type=\"application\/ld+json\" class=\"yoast-schema-graph\">{\"@context\":\"https:\\\/\\\/schema.org\",\"@graph\":[{\"@type\":\"Article\",\"@id\":\"https:\\\/\\\/smb-kleinenbroich.de\\\/home\\\/2026\\\/08\\\/27\\\/terminaenderung-kevelaerwallfahrt-am-samstag-19-september-2026\\\/#article\",\"isPartOf\":{\"@id\":\"https:\\\/\\\/smb-kleinenbroich.de\\\/home\\\/2026\\\/08\\\/27\\\/terminaenderung-kevelaerwallfahrt-am-samstag-19-september-2026\\\/\"},\"author\":{\"name\":\"thomas\",\"@id\":\"https:\\\/\\\/smb-kleinenbroich.de\\\/home\\\/#\\\/schema\\\/person\\\/68ba52463a096d1b110364cfc6205b46\"},\"headline\":\"Termin\u00e4nderung: Kevelaerwallfahrt am Samstag, 19. September 2026\",\"datePublished\":\"2026-08-27T20:32:39+00:00\",\"dateModified\":\"2026-08-27T20:46:23+00:00\",\"mainEntityOfPage\":{\"@id\":\"https:\\\/\\\/smb-kleinenbroich.de\\\/home\\\/2026\\\/08\\\/27\\\/terminaenderung-kevelaerwallfahrt-am-samstag-19-september-2026\\\/\"},\"wordCount\":173,\"commentCount\":0,\"publisher\":{\"@id\":\"https:\\\/\\\/smb-kleinenbroich.de\\\/home\\\/#organization\"},\"articleSection\":[\"Einladungen\"],\"inLanguage\":\"de\",\"potentialAction\":[{\"@type\":\"CommentAction\",\"name\":\"Comment\",\"target\":[\"https:\\\/\\\/smb-kleinenbroich.de\\\/home\\\/2026\\\/08\\\/27\\\/terminaenderung-kevelaerwallfahrt-am-samstag-19-september-2026\\\/#respond\"]}]},{\"@type\":\"WebPage\",\"@id\":\"https:\\\/\\\/smb-kleinenbroich.de\\\/home\\\/2026\\\/08\\\/27\\\/terminaenderung-kevelaerwallfahrt-am-samstag-19-september-2026\\\/\",\"url\":\"https:\\\/\\\/smb-kleinenbroich.de\\\/home\\\/2026\\\/08\\\/27\\\/terminaenderung-kevelaerwallfahrt-am-samstag-19-september-2026\\\/\",\"name\":\"Termin\u00e4nderung: Kevelaerwallfahrt am Samstag, 19. September 2026 - st.matthias.bruderschaft\",\"isPartOf\":{\"@id\":\"https:\\\/\\\/smb-kleinenbroich.de\\\/home\\\/#website\"},\"datePublished\":\"2026-08-27T20:32:39+00:00\",\"dateModified\":\"2026-08-27T20:46:23+00:00\",\"breadcrumb\":{\"@id\":\"https:\\\/\\\/smb-kleinenbroich.de\\\/home\\\/2026\\\/08\\\/27\\\/terminaenderung-kevelaerwallfahrt-am-samstag-19-september-2026\\\/#breadcrumb\"},\"inLanguage\":\"de\",\"potentialAction\":[{\"@type\":\"ReadAction\",\"target\":[\"https:\\\/\\\/smb-kleinenbroich.de\\\/home\\\/2026\\\/08\\\/27\\\/terminaenderung-kevelaerwallfahrt-am-samstag-19-september-2026\\\/\"]}]},{\"@type\":\"BreadcrumbList\",\"@id\":\"https:\\\/\\\/smb-kleinenbroich.de\\\/home\\\/2026\\\/08\\\/27\\\/terminaenderung-kevelaerwallfahrt-am-samstag-19-september-2026\\\/#breadcrumb\",\"itemListElement\":[{\"@type\":\"ListItem\",\"position\":1,\"name\":\"Startseite\",\"item\":\"https:\\\/\\\/smb-kleinenbroich.de\\\/home\\\/\"},{\"@type\":\"ListItem\",\"position\":2,\"name\":\"Termin\u00e4nderung: Kevelaerwallfahrt am Samstag, 19. September 2026\"}]},{\"@type\":\"WebSite\",\"@id\":\"https:\\\/\\\/smb-kleinenbroich.de\\\/home\\\/#website\",\"url\":\"https:\\\/\\\/smb-kleinenbroich.de\\\/home\\\/\",\"name\":\"st.matthias.bruderschaft\",\"description\":\"kleinenbroich\",\"publisher\":{\"@id\":\"https:\\\/\\\/smb-kleinenbroich.de\\\/home\\\/#organization\"},\"potentialAction\":[{\"@type\":\"SearchAction\",\"target\":{\"@type\":\"EntryPoint\",\"urlTemplate\":\"https:\\\/\\\/smb-kleinenbroich.de\\\/home\\\/?s={search_term_string}\"},\"query-input\":{\"@type\":\"PropertyValueSpecification\",\"valueRequired\":true,\"valueName\":\"search_term_string\"}}],\"inLanguage\":\"de\"},{\"@type\":\"Organization\",\"@id\":\"https:\\\/\\\/smb-kleinenbroich.de\\\/home\\\/#organization\",\"name\":\"st.matthias.bruderschaft\",\"url\":\"https:\\\/\\\/smb-kleinenbroich.de\\\/home\\\/\",\"logo\":{\"@type\":\"ImageObject\",\"inLanguage\":\"de\",\"@id\":\"https:\\\/\\\/smb-kleinenbroich.de\\\/home\\\/#\\\/schema\\\/logo\\\/image\\\/\",\"url\":\"https:\\\/\\\/smb-kleinenbroich.de\\\/wp-content\\\/uploads\\\/2023\\\/11\\\/cropped-SMB-Logo200x200.png\",\"contentUrl\":\"https:\\\/\\\/smb-kleinenbroich.de\\\/wp-content\\\/uploads\\\/2023\\\/11\\\/cropped-SMB-Logo200x200.png\",\"width\":200,\"height\":200,\"caption\":\"st.matthias.bruderschaft\"},\"image\":{\"@id\":\"https:\\\/\\\/smb-kleinenbroich.de\\\/home\\\/#\\\/schema\\\/logo\\\/image\\\/\"},\"sameAs\":[\"https:\\\/\\\/www.facebook.com\\\/groups\\\/240086402704272\\\/\"]},{\"@type\":\"Person\",\"@id\":\"https:\\\/\\\/smb-kleinenbroich.de\\\/home\\\/#\\\/schema\\\/person\\\/68ba52463a096d1b110364cfc6205b46\",\"name\":\"thomas\",\"image\":{\"@type\":\"ImageObject\",\"inLanguage\":\"de\",\"@id\":\"https:\\\/\\\/secure.gravatar.com\\\/avatar\\\/a2170209d31e52c384eda3a9ccf477c1569ed6f99416c1cde460d7a95308e6f6?s=96&d=mm&r=g\",\"url\":\"https:\\\/\\\/secure.gravatar.com\\\/avatar\\\/a2170209d31e52c384eda3a9ccf477c1569ed6f99416c1cde460d7a95308e6f6?s=96&d=mm&r=g\",\"contentUrl\":\"https:\\\/\\\/secure.gravatar.com\\\/avatar\\\/a2170209d31e52c384eda3a9ccf477c1569ed6f99416c1cde460d7a95308e6f6?s=96&d=mm&r=g\",\"caption\":\"thomas\"},\"sameAs\":[\"https:\\\/\\\/wordpress.smb-kleinenbroich.de\"],\"url\":\"https:\\\/\\\/smb-kleinenbroich.de\\\/home\\\/author\\\/thomas\\\/\"}]}<\/script>\n<!-- \/ Yoast SEO plugin. -->","yoast_head_json":{"title":"Termin\u00e4nderung: Kevelaerwallfahrt am Samstag, 19. September 2026 - st.matthias.bruderschaft","robots":{"index":"index","follow":"follow","max-snippet":"max-snippet:-1","max-image-preview":"max-image-preview:large","max-video-preview":"max-video-preview:-1"},"canonical":"https:\/\/smb-kleinenbroich.de\/home\/2026\/08\/27\/terminaenderung-kevelaerwallfahrt-am-samstag-19-september-2026\/","og_locale":"de_DE","og_type":"article","og_title":"Termin\u00e4nderung: Kevelaerwallfahrt am Samstag, 19. September 2026 - st.matthias.bruderschaft","og_description":"Bitte beachten: Aufgrund organisatorischer Umst\u00e4nde findet unsere diesj\u00e4hrige Kevelaerwallfahrt abweichend vom urspr\u00fcnglich vorgesehenen Termin bereits am Samstag, den 19. September 2026, statt. Die St.-Matthias-Bruderschaft...","og_url":"https:\/\/smb-kleinenbroich.de\/home\/2026\/08\/27\/terminaenderung-kevelaerwallfahrt-am-samstag-19-september-2026\/","og_site_name":"st.matthias.bruderschaft","article_publisher":"https:\/\/www.facebook.com\/groups\/240086402704272\/","article_published_time":"2026-08-27T20:32:39+00:00","article_modified_time":"2026-08-27T20:46:23+00:00","author":"thomas","twitter_card":"summary_large_image","twitter_misc":{"Verfasst von":"thomas","Gesch\u00e4tzte Lesezeit":"1\u00a0Minute"},"schema":{"@context":"https:\/\/schema.org","@graph":[{"@type":"Article","@id":"https:\/\/smb-kleinenbroich.de\/home\/2026\/08\/27\/terminaenderung-kevelaerwallfahrt-am-samstag-19-september-2026\/#article","isPartOf":{"@id":"https:\/\/smb-kleinenbroich.de\/home\/2026\/08\/27\/terminaenderung-kevelaerwallfahrt-am-samstag-19-september-2026\/"},"author":{"name":"thomas","@id":"https:\/\/smb-kleinenbroich.de\/home\/#\/schema\/person\/68ba52463a096d1b110364cfc6205b46"},"headline":"Termin\u00e4nderung: Kevelaerwallfahrt am Samstag, 19. September 2026","datePublished":"2026-08-27T20:32:39+00:00","dateModified":"2026-08-27T20:46:23+00:00","mainEntityOfPage":{"@id":"https:\/\/smb-kleinenbroich.de\/home\/2026\/08\/27\/terminaenderung-kevelaerwallfahrt-am-samstag-19-september-2026\/"},"wordCount":173,"commentCount":0,"publisher":{"@id":"https:\/\/smb-kleinenbroich.de\/home\/#organization"},"articleSection":["Einladungen"],"inLanguage":"de","potentialAction":[{"@type":"CommentAction","name":"Comment","target":["https:\/\/smb-kleinenbroich.de\/home\/2026\/08\/27\/terminaenderung-kevelaerwallfahrt-am-samstag-19-september-2026\/#respond"]}]},{"@type":"WebPage","@id":"https:\/\/smb-kleinenbroich.de\/home\/2026\/08\/27\/terminaenderung-kevelaerwallfahrt-am-samstag-19-september-2026\/","url":"https:\/\/smb-kleinenbroich.de\/home\/2026\/08\/27\/terminaenderung-kevelaerwallfahrt-am-samstag-19-september-2026\/","name":"Termin\u00e4nderung: Kevelaerwallfahrt am Samstag, 19. September 2026 - st.matthias.bruderschaft","isPartOf":{"@id":"https:\/\/smb-kleinenbroich.de\/home\/#website"},"datePublished":"2026-08-27T20:32:39+00:00","dateModified":"2026-08-27T20:46:23+00:00","breadcrumb":{"@id":"https:\/\/smb-kleinenbroich.de\/home\/2026\/08\/27\/terminaenderung-kevelaerwallfahrt-am-samstag-19-september-2026\/#breadcrumb"},"inLanguage":"de","potentialAction":[{"@type":"ReadAction","target":["https:\/\/smb-kleinenbroich.de\/home\/2026\/08\/27\/terminaenderung-kevelaerwallfahrt-am-samstag-19-september-2026\/"]}]},{"@type":"BreadcrumbList","@id":"https:\/\/smb-kleinenbroich.de\/home\/2026\/08\/27\/terminaenderung-kevelaerwallfahrt-am-samstag-19-september-2026\/#breadcrumb","itemListElement":[{"@type":"ListItem","position":1,"name":"Startseite","item":"https:\/\/smb-kleinenbroich.de\/home\/"},{"@type":"ListItem","position":2,"name":"Termin\u00e4nderung: Kevelaerwallfahrt am Samstag, 19. September 2026"}]},{"@type":"WebSite","@id":"https:\/\/smb-kleinenbroich.de\/home\/#website","url":"https:\/\/smb-kleinenbroich.de\/home\/","name":"st.matthias.bruderschaft","description":"kleinenbroich","publisher":{"@id":"https:\/\/smb-kleinenbroich.de\/home\/#organization"},"potentialAction":[{"@type":"SearchAction","target":{"@type":"EntryPoint","urlTemplate":"https:\/\/smb-kleinenbroich.de\/home\/?s={search_term_string}"},"query-input":{"@type":"PropertyValueSpecification","valueRequired":true,"valueName":"search_term_string"}}],"inLanguage":"de"},{"@type":"Organization","@id":"https:\/\/smb-kleinenbroich.de\/home\/#organization","name":"st.matthias.bruderschaft","url":"https:\/\/smb-kleinenbroich.de\/home\/","logo":{"@type":"ImageObject","inLanguage":"de","@id":"https:\/\/smb-kleinenbroich.de\/home\/#\/schema\/logo\/image\/","url":"https:\/\/smb-kleinenbroich.de\/wp-content\/uploads\/2023\/11\/cropped-SMB-Logo200x200.png","contentUrl":"https:\/\/smb-kleinenbroich.de\/wp-content\/uploads\/2023\/11\/cropped-SMB-Logo200x200.png","width":200,"height":200,"caption":"st.matthias.bruderschaft"},"image":{"@id":"https:\/\/smb-kleinenbroich.de\/home\/#\/schema\/logo\/image\/"},"sameAs":["https:\/\/www.facebook.com\/groups\/240086402704272\/"]},{"@type":"Person","@id":"https:\/\/smb-kleinenbroich.de\/home\/#\/schema\/person\/68ba52463a096d1b110364cfc6205b46","name":"thomas","image":{"@type":"ImageObject","inLanguage":"de","@id":"https:\/\/secure.gravatar.com\/avatar\/a2170209d31e52c384eda3a9ccf477c1569ed6f99416c1cde460d7a95308e6f6?s=96&d=mm&r=g","url":"https:\/\/secure.gravatar.com\/avatar\/a2170209d31e52c384eda3a9ccf477c1569ed6f99416c1cde460d7a95308e6f6?s=96&d=mm&r=g","contentUrl":"https:\/\/secure.gravatar.com\/avatar\/a2170209d31e52c384eda3a9ccf477c1569ed6f99416c1cde460d7a95308e6f6?s=96&d=mm&r=g","caption":"thomas"},"sameAs":["https:\/\/wordpress.smb-kleinenbroich.de"],"url":"https:\/\/smb-kleinenbroich.de\/home\/author\/thomas\/"}]}},"jetpack_featured_media_url":"","views":"","jetpack_sharing_enabled":true,"publishpress_future_action":{"enabled":false,"date":"2026-09-07 07:46:45","action":"change-status","newStatus":"draft","terms":[],"taxonomy":"category","extraData":[]},"publishpress_future_workflow_manual_trigger":{"enabledWorkflows":[]},"_links":{"self":[{"href":"https:\/\/smb-kleinenbroich.de\/home\/wp-json\/wp\/v2\/posts\/1221","targetHints":{"allow":["GET"]}}],"collection":[{"href":"https:\/\/smb-kleinenbroich.de\/home\/wp-json\/wp\/v2\/posts"}],"about":[{"href":"https:\/\/smb-kleinenbroich.de\/home\/wp-json\/wp\/v2\/types\/post"}],"author":[{"embeddable":true,"href":"https:\/\/smb-kleinenbroich.de\/home\/wp-json\/wp\/v2\/users\/1"}],"replies":[{"embeddable":true,"href":"https:\/\/smb-kleinenbroich.de\/home\/wp-json\/wp\/v2\/comments?post=1221"}],"version-history":[{"count":3,"href":"https:\/\/smb-kleinenbroich.de\/home\/wp-json\/wp\/v2\/posts\/1221\/revisions"}],"predecessor-version":[{"id":1229,"href":"https:\/\/smb-kleinenbroich.de\/home\/wp-json\/wp\/v2\/posts\/1221\/revisions\/1229"}],"wp:attachment":[{"href":"https:\/\/smb-kleinenbroich.de\/home\/wp-json\/wp\/v2\/media?parent=1221"}],"wp:term":[{"taxonomy":"category","embeddable":true,"href":"https:\/\/smb-kleinenbroich.de\/home\/wp-json\/wp\/v2\/categories?post=1221"},{"taxonomy":"post_tag","embeddable":true,"href":"https:\/\/smb-kleinenbroich.de\/home\/wp-json\/wp\/v2\/tags?post=1221"}],"curies":[{"name":"wp","href":"https:\/\/api.w.org\/{rel}","templated":true}]}}