{"id":189,"date":"2012-04-17T15:06:53","date_gmt":"2012-04-17T13:06:53","guid":{"rendered":"https:\/\/wordpress.smb-kleinenbroich.de\/2012\/04\/17\/fahrradwallfahrt-nach-trier-2010\/"},"modified":"2012-04-17T15:06:53","modified_gmt":"2012-04-17T13:06:53","slug":"fahrradwallfahrt-nach-trier-2010","status":"publish","type":"post","link":"https:\/\/smb-kleinenbroich.de\/home\/2012\/04\/17\/fahrradwallfahrt-nach-trier-2010\/","title":{"rendered":"Fahrradwallfahrt nach Trier 2010"},"content":{"rendered":"<p>Leider konnte ich aus gesundheitlichen Gr\u00fcnden nicht mehr zu Fu\u00df nach Trier<br \/>pilgern. Wenn man jedoch einmal mit dem Pilgervirus infiziert ist, kann man<br \/>nur sehr schlecht damit abschlie\u00dfen. Aus diesem Grunde reifte in mir die Idee,<br \/>mit dem Fahrrad nach Trier zu pilgern. Ich fand noch einige andere ehemalige<br \/>Fu\u00dfpilger, denen es genauso ging.<\/p>\n<p><!--more--><\/p>\n<p>\u00a0<\/p>\n<p>Gemeinsam beschlossen wir, uns in diesem Jahr mit dem Fahrrad auf den Weg<br \/>nach Trier zu machen. Wir konnten noch 2 Neupilger von dieser Idee \u00fcberzeugen,<br \/>so dass wir uns mit 7 Fahrradpilgern und 2 Begleitern am 14.05. auf den langen<br \/>Weg zum Grab des Heiligen Matthias machten. Alle waren voller Erwartungen,<br \/>was so alles auf uns zukam.<\/p>\n<p>Nach ca. 100 km erreichten wir Kall, unser erstes Tagesziel. Der erste Teil der<br \/>Strecke war sehr angenehm, da es noch flach war. Ab Z\u00fclpich wurden wir jedoch<br \/>gefordert. Stets ging es auf und ab. Des \u00d6fteren mussten wir unsere Fahrr\u00e4der<br \/>schieben. Bei einem guten Abendessen wurde noch mal \u00fcber den Tag geplaudert.<br \/>Alle waren zufrieden, aber auch sehr m\u00fcde und freuten sich nur noch aufs Bett.<\/p>\n<p>Am n\u00e4chsten Morgen waren alle wieder fit und frohgelaunt. Nach dem Fr\u00fchst\u00fcck<br \/>stiegen wir wieder frohen Mutes aufs Fahrrad. Doch schon nach einigen 100<br \/>Metern kam die erste Steigung und wir mussten unsere R\u00e4der schieben. Bis zum<br \/>Kylltalradweg hie\u00df es dann immer wieder schieben-fahren-schieben-fahren. In<br \/>Birgel bremste unser Neupilger G\u00fcnter etwas zu stark und stieg unfreiwillig ab. In<br \/>diesem Moment wurde uns allen klar, wie wichtig es war, einen Helm zu tragen.<br \/>Nach ca. 80 km erreichten wir unser Tagesziel.<\/p>\n<p>Am n\u00e4chsten Tag fuhren wir weiter auf dem Kylltalradweg, der uns bei St.<br \/>Thomas direkt in den Zug f\u00fchrte. Nachdem wir die h\u00f6chste Steigung auf unserem<br \/>Pilgerweg mit dem Zug bew\u00e4ltigt hatten, ging unsere Fahrt auf dem Kylltalradweg<br \/>weiter. In Kordel trafen wir die Begleitmannschaft der Fu\u00dfpilger. Nach einem<br \/>kurzen Plausch schwangen wir uns wieder auf unsere Drahtesel, denn Trier war<br \/>nicht mehr weit. Am sp\u00e4ten Nachmittag erreichten wir unser Ziel.<\/p>\n<p>Am Montagmorgen fuhren wir per Fahrrad zur Basilika. Auf dem Abteihof<br \/>begr\u00fc\u00dften wir die Fu\u00dfpilger. Pater Hubert hie\u00df uns alle herzlich willkommen. Mit<br \/>gro\u00dfer Gott wir loben dich, zogen wir gemeinsam mit den Fu\u00df- und Buspilgern in<br \/>die Basilika ein.<br \/>Sp\u00e4testens jetzt wurde uns allen bewusst \u0084Wir hatten es auch per Fahrrad<br \/>geschafft\u0093. Es war ein erhebendes Gef\u00fchl. Mit der abendlichen Lichterprozession<br \/>ging dieser sch\u00f6ne Tag zu Ende.<\/p>\n<p>Nach der Pilgermesse am n\u00e4chsten Morgen machten wir uns auf den Heimweg.<br \/>Wir fuhren an der Mosel entlang bis \u00dcrzig, wo wir bei der Weink\u00f6nigin<br \/>\u00fcbernachteten.<\/p>\n<p>Am n\u00e4chsten Morgen stiegen wir wieder frohgelaunt auf unsere Fahrr\u00e4der. Unser<br \/>Weg f\u00fchrte uns nach Bullay. Von dort nahmen wir den Zug bis D\u00fcsseldorf. Die<br \/>S\u0092Bahn brachte uns dann nach B\u00fcttgen. Dort verabschiedeten wir uns herzlich<br \/>von unserem Mitpilger G\u00fcnter und fuhren dann mit dem Fahrrad wieder in<br \/>die Heimat. Als wir den Kleinenbroicher Kirchturm sahen, wurde uns allen<br \/>bewusst \u0084Eine sehr sch\u00f6ne Fahrradwallfahrt\u0093 auf der wir viel gebetet, gesungen<br \/>aber auch gelacht haben, ging zu Ende.<\/p>\n<p>Bedanken m\u00f6chte ich mich bei unseren Begleitern, die immer zur Stelle waren,<br \/>wenn sie gebraucht wurden und auch f\u00fcr unser leibliches Wohl sorgten.<\/p>\n<p>Ich freue mich auf die n\u00e4chste Fahrradwallfahrt mit so einer tollen Truppe.<\/p>\n","protected":false},"excerpt":{"rendered":"<p>Leider konnte ich aus gesundheitlichen Gr\u00fcnden nicht mehr zu Fu\u00df nach Trierpilgern. Wenn man jedoch einmal mit dem Pilgervirus infiziert ist, kann mannur sehr&#8230;<\/p>\n","protected":false},"author":1,"featured_media":0,"comment_status":"","ping_status":"open","sticky":false,"template":"","format":"standard","meta":{"_jetpack_memberships_contains_paid_content":false,"footnotes":""},"categories":[16],"tags":[],"class_list":["post-189","post","type-post","status-publish","format-standard","hentry","category-16"],"yoast_head":"<!-- This site is optimized with the Yoast SEO plugin v26.3 - https:\/\/yoast.com\/wordpress\/plugins\/seo\/ -->\n<title>Fahrradwallfahrt nach Trier 2010 - st.matthias.bruderschaft<\/title>\n<meta name=\"robots\" content=\"index, follow, max-snippet:-1, max-image-preview:large, max-video-preview:-1\" \/>\n<link rel=\"canonical\" href=\"https:\/\/smb-kleinenbroich.de\/home\/2012\/04\/17\/fahrradwallfahrt-nach-trier-2010\/\" \/>\n<meta property=\"og:locale\" content=\"de_DE\" \/>\n<meta property=\"og:type\" content=\"article\" \/>\n<meta property=\"og:title\" content=\"Fahrradwallfahrt nach Trier 2010 - st.matthias.bruderschaft\" \/>\n<meta property=\"og:description\" content=\"Leider konnte ich aus gesundheitlichen Gr\u00fcnden nicht mehr zu Fu\u00df nach Trierpilgern. Wenn man jedoch einmal mit dem Pilgervirus infiziert ist, kann mannur sehr...\" \/>\n<meta property=\"og:url\" content=\"https:\/\/smb-kleinenbroich.de\/home\/2012\/04\/17\/fahrradwallfahrt-nach-trier-2010\/\" \/>\n<meta property=\"og:site_name\" content=\"st.matthias.bruderschaft\" \/>\n<meta property=\"article:publisher\" content=\"https:\/\/www.facebook.com\/groups\/240086402704272\/\" \/>\n<meta property=\"article:published_time\" content=\"2012-04-17T13:06:53+00:00\" \/>\n<meta name=\"author\" content=\"thomas\" \/>\n<meta name=\"twitter:card\" content=\"summary_large_image\" \/>\n<meta name=\"twitter:label1\" content=\"Verfasst von\" \/>\n\t<meta name=\"twitter:data1\" content=\"thomas\" \/>\n\t<meta name=\"twitter:label2\" content=\"Gesch\u00e4tzte Lesezeit\" \/>\n\t<meta name=\"twitter:data2\" content=\"3\u00a0Minuten\" \/>\n<script type=\"application\/ld+json\" class=\"yoast-schema-graph\">{\"@context\":\"https:\/\/schema.org\",\"@graph\":[{\"@type\":\"Article\",\"@id\":\"https:\/\/smb-kleinenbroich.de\/home\/2012\/04\/17\/fahrradwallfahrt-nach-trier-2010\/#article\",\"isPartOf\":{\"@id\":\"https:\/\/smb-kleinenbroich.de\/home\/2012\/04\/17\/fahrradwallfahrt-nach-trier-2010\/\"},\"author\":{\"name\":\"thomas\",\"@id\":\"https:\/\/smb-kleinenbroich.de\/home\/#\/schema\/person\/68ba52463a096d1b110364cfc6205b46\"},\"headline\":\"Fahrradwallfahrt nach Trier 2010\",\"datePublished\":\"2012-04-17T13:06:53+00:00\",\"mainEntityOfPage\":{\"@id\":\"https:\/\/smb-kleinenbroich.de\/home\/2012\/04\/17\/fahrradwallfahrt-nach-trier-2010\/\"},\"wordCount\":543,\"publisher\":{\"@id\":\"https:\/\/smb-kleinenbroich.de\/home\/#organization\"},\"articleSection\":[\"2010\"],\"inLanguage\":\"de\"},{\"@type\":\"WebPage\",\"@id\":\"https:\/\/smb-kleinenbroich.de\/home\/2012\/04\/17\/fahrradwallfahrt-nach-trier-2010\/\",\"url\":\"https:\/\/smb-kleinenbroich.de\/home\/2012\/04\/17\/fahrradwallfahrt-nach-trier-2010\/\",\"name\":\"Fahrradwallfahrt nach Trier 2010 - st.matthias.bruderschaft\",\"isPartOf\":{\"@id\":\"https:\/\/smb-kleinenbroich.de\/home\/#website\"},\"datePublished\":\"2012-04-17T13:06:53+00:00\",\"breadcrumb\":{\"@id\":\"https:\/\/smb-kleinenbroich.de\/home\/2012\/04\/17\/fahrradwallfahrt-nach-trier-2010\/#breadcrumb\"},\"inLanguage\":\"de\",\"potentialAction\":[{\"@type\":\"ReadAction\",\"target\":[\"https:\/\/smb-kleinenbroich.de\/home\/2012\/04\/17\/fahrradwallfahrt-nach-trier-2010\/\"]}]},{\"@type\":\"BreadcrumbList\",\"@id\":\"https:\/\/smb-kleinenbroich.de\/home\/2012\/04\/17\/fahrradwallfahrt-nach-trier-2010\/#breadcrumb\",\"itemListElement\":[{\"@type\":\"ListItem\",\"position\":1,\"name\":\"Startseite\",\"item\":\"https:\/\/smb-kleinenbroich.de\/home\/\"},{\"@type\":\"ListItem\",\"position\":2,\"name\":\"Fahrradwallfahrt nach Trier 2010\"}]},{\"@type\":\"WebSite\",\"@id\":\"https:\/\/smb-kleinenbroich.de\/home\/#website\",\"url\":\"https:\/\/smb-kleinenbroich.de\/home\/\",\"name\":\"st.matthias.bruderschaft\",\"description\":\"kleinenbroich\",\"publisher\":{\"@id\":\"https:\/\/smb-kleinenbroich.de\/home\/#organization\"},\"potentialAction\":[{\"@type\":\"SearchAction\",\"target\":{\"@type\":\"EntryPoint\",\"urlTemplate\":\"https:\/\/smb-kleinenbroich.de\/home\/?s={search_term_string}\"},\"query-input\":{\"@type\":\"PropertyValueSpecification\",\"valueRequired\":true,\"valueName\":\"search_term_string\"}}],\"inLanguage\":\"de\"},{\"@type\":\"Organization\",\"@id\":\"https:\/\/smb-kleinenbroich.de\/home\/#organization\",\"name\":\"st.matthias.bruderschaft\",\"url\":\"https:\/\/smb-kleinenbroich.de\/home\/\",\"logo\":{\"@type\":\"ImageObject\",\"inLanguage\":\"de\",\"@id\":\"https:\/\/smb-kleinenbroich.de\/home\/#\/schema\/logo\/image\/\",\"url\":\"https:\/\/smb-kleinenbroich.de\/wp-content\/uploads\/2023\/11\/cropped-SMB-Logo200x200.png\",\"contentUrl\":\"https:\/\/smb-kleinenbroich.de\/wp-content\/uploads\/2023\/11\/cropped-SMB-Logo200x200.png\",\"width\":200,\"height\":200,\"caption\":\"st.matthias.bruderschaft\"},\"image\":{\"@id\":\"https:\/\/smb-kleinenbroich.de\/home\/#\/schema\/logo\/image\/\"},\"sameAs\":[\"https:\/\/www.facebook.com\/groups\/240086402704272\/\"]},{\"@type\":\"Person\",\"@id\":\"https:\/\/smb-kleinenbroich.de\/home\/#\/schema\/person\/68ba52463a096d1b110364cfc6205b46\",\"name\":\"thomas\",\"image\":{\"@type\":\"ImageObject\",\"inLanguage\":\"de\",\"@id\":\"https:\/\/smb-kleinenbroich.de\/home\/#\/schema\/person\/image\/\",\"url\":\"https:\/\/secure.gravatar.com\/avatar\/a2170209d31e52c384eda3a9ccf477c1569ed6f99416c1cde460d7a95308e6f6?s=96&d=mm&r=g\",\"contentUrl\":\"https:\/\/secure.gravatar.com\/avatar\/a2170209d31e52c384eda3a9ccf477c1569ed6f99416c1cde460d7a95308e6f6?s=96&d=mm&r=g\",\"caption\":\"thomas\"},\"sameAs\":[\"https:\/\/wordpress.smb-kleinenbroich.de\"],\"url\":\"https:\/\/smb-kleinenbroich.de\/home\/author\/thomas\/\"}]}<\/script>\n<!-- \/ Yoast SEO plugin. -->","yoast_head_json":{"title":"Fahrradwallfahrt nach Trier 2010 - st.matthias.bruderschaft","robots":{"index":"index","follow":"follow","max-snippet":"max-snippet:-1","max-image-preview":"max-image-preview:large","max-video-preview":"max-video-preview:-1"},"canonical":"https:\/\/smb-kleinenbroich.de\/home\/2012\/04\/17\/fahrradwallfahrt-nach-trier-2010\/","og_locale":"de_DE","og_type":"article","og_title":"Fahrradwallfahrt nach Trier 2010 - st.matthias.bruderschaft","og_description":"Leider konnte ich aus gesundheitlichen Gr\u00fcnden nicht mehr zu Fu\u00df nach Trierpilgern. Wenn man jedoch einmal mit dem Pilgervirus infiziert ist, kann mannur sehr...","og_url":"https:\/\/smb-kleinenbroich.de\/home\/2012\/04\/17\/fahrradwallfahrt-nach-trier-2010\/","og_site_name":"st.matthias.bruderschaft","article_publisher":"https:\/\/www.facebook.com\/groups\/240086402704272\/","article_published_time":"2012-04-17T13:06:53+00:00","author":"thomas","twitter_card":"summary_large_image","twitter_misc":{"Verfasst von":"thomas","Gesch\u00e4tzte Lesezeit":"3\u00a0Minuten"},"schema":{"@context":"https:\/\/schema.org","@graph":[{"@type":"Article","@id":"https:\/\/smb-kleinenbroich.de\/home\/2012\/04\/17\/fahrradwallfahrt-nach-trier-2010\/#article","isPartOf":{"@id":"https:\/\/smb-kleinenbroich.de\/home\/2012\/04\/17\/fahrradwallfahrt-nach-trier-2010\/"},"author":{"name":"thomas","@id":"https:\/\/smb-kleinenbroich.de\/home\/#\/schema\/person\/68ba52463a096d1b110364cfc6205b46"},"headline":"Fahrradwallfahrt nach Trier 2010","datePublished":"2012-04-17T13:06:53+00:00","mainEntityOfPage":{"@id":"https:\/\/smb-kleinenbroich.de\/home\/2012\/04\/17\/fahrradwallfahrt-nach-trier-2010\/"},"wordCount":543,"publisher":{"@id":"https:\/\/smb-kleinenbroich.de\/home\/#organization"},"articleSection":["2010"],"inLanguage":"de"},{"@type":"WebPage","@id":"https:\/\/smb-kleinenbroich.de\/home\/2012\/04\/17\/fahrradwallfahrt-nach-trier-2010\/","url":"https:\/\/smb-kleinenbroich.de\/home\/2012\/04\/17\/fahrradwallfahrt-nach-trier-2010\/","name":"Fahrradwallfahrt nach Trier 2010 - st.matthias.bruderschaft","isPartOf":{"@id":"https:\/\/smb-kleinenbroich.de\/home\/#website"},"datePublished":"2012-04-17T13:06:53+00:00","breadcrumb":{"@id":"https:\/\/smb-kleinenbroich.de\/home\/2012\/04\/17\/fahrradwallfahrt-nach-trier-2010\/#breadcrumb"},"inLanguage":"de","potentialAction":[{"@type":"ReadAction","target":["https:\/\/smb-kleinenbroich.de\/home\/2012\/04\/17\/fahrradwallfahrt-nach-trier-2010\/"]}]},{"@type":"BreadcrumbList","@id":"https:\/\/smb-kleinenbroich.de\/home\/2012\/04\/17\/fahrradwallfahrt-nach-trier-2010\/#breadcrumb","itemListElement":[{"@type":"ListItem","position":1,"name":"Startseite","item":"https:\/\/smb-kleinenbroich.de\/home\/"},{"@type":"ListItem","position":2,"name":"Fahrradwallfahrt nach Trier 2010"}]},{"@type":"WebSite","@id":"https:\/\/smb-kleinenbroich.de\/home\/#website","url":"https:\/\/smb-kleinenbroich.de\/home\/","name":"st.matthias.bruderschaft","description":"kleinenbroich","publisher":{"@id":"https:\/\/smb-kleinenbroich.de\/home\/#organization"},"potentialAction":[{"@type":"SearchAction","target":{"@type":"EntryPoint","urlTemplate":"https:\/\/smb-kleinenbroich.de\/home\/?s={search_term_string}"},"query-input":{"@type":"PropertyValueSpecification","valueRequired":true,"valueName":"search_term_string"}}],"inLanguage":"de"},{"@type":"Organization","@id":"https:\/\/smb-kleinenbroich.de\/home\/#organization","name":"st.matthias.bruderschaft","url":"https:\/\/smb-kleinenbroich.de\/home\/","logo":{"@type":"ImageObject","inLanguage":"de","@id":"https:\/\/smb-kleinenbroich.de\/home\/#\/schema\/logo\/image\/","url":"https:\/\/smb-kleinenbroich.de\/wp-content\/uploads\/2023\/11\/cropped-SMB-Logo200x200.png","contentUrl":"https:\/\/smb-kleinenbroich.de\/wp-content\/uploads\/2023\/11\/cropped-SMB-Logo200x200.png","width":200,"height":200,"caption":"st.matthias.bruderschaft"},"image":{"@id":"https:\/\/smb-kleinenbroich.de\/home\/#\/schema\/logo\/image\/"},"sameAs":["https:\/\/www.facebook.com\/groups\/240086402704272\/"]},{"@type":"Person","@id":"https:\/\/smb-kleinenbroich.de\/home\/#\/schema\/person\/68ba52463a096d1b110364cfc6205b46","name":"thomas","image":{"@type":"ImageObject","inLanguage":"de","@id":"https:\/\/smb-kleinenbroich.de\/home\/#\/schema\/person\/image\/","url":"https:\/\/secure.gravatar.com\/avatar\/a2170209d31e52c384eda3a9ccf477c1569ed6f99416c1cde460d7a95308e6f6?s=96&d=mm&r=g","contentUrl":"https:\/\/secure.gravatar.com\/avatar\/a2170209d31e52c384eda3a9ccf477c1569ed6f99416c1cde460d7a95308e6f6?s=96&d=mm&r=g","caption":"thomas"},"sameAs":["https:\/\/wordpress.smb-kleinenbroich.de"],"url":"https:\/\/smb-kleinenbroich.de\/home\/author\/thomas\/"}]}},"jetpack_featured_media_url":"","views":"","jetpack_sharing_enabled":true,"publishpress_future_action":{"enabled":false,"date":"2026-05-07 10:11:17","action":"change-status","newStatus":"draft","terms":[],"taxonomy":"category","extraData":[]},"publishpress_future_workflow_manual_trigger":{"enabledWorkflows":[]},"_links":{"self":[{"href":"https:\/\/smb-kleinenbroich.de\/home\/wp-json\/wp\/v2\/posts\/189","targetHints":{"allow":["GET"]}}],"collection":[{"href":"https:\/\/smb-kleinenbroich.de\/home\/wp-json\/wp\/v2\/posts"}],"about":[{"href":"https:\/\/smb-kleinenbroich.de\/home\/wp-json\/wp\/v2\/types\/post"}],"author":[{"embeddable":true,"href":"https:\/\/smb-kleinenbroich.de\/home\/wp-json\/wp\/v2\/users\/1"}],"replies":[{"embeddable":true,"href":"https:\/\/smb-kleinenbroich.de\/home\/wp-json\/wp\/v2\/comments?post=189"}],"version-history":[{"count":0,"href":"https:\/\/smb-kleinenbroich.de\/home\/wp-json\/wp\/v2\/posts\/189\/revisions"}],"wp:attachment":[{"href":"https:\/\/smb-kleinenbroich.de\/home\/wp-json\/wp\/v2\/media?parent=189"}],"wp:term":[{"taxonomy":"category","embeddable":true,"href":"https:\/\/smb-kleinenbroich.de\/home\/wp-json\/wp\/v2\/categories?post=189"},{"taxonomy":"post_tag","embeddable":true,"href":"https:\/\/smb-kleinenbroich.de\/home\/wp-json\/wp\/v2\/tags?post=189"}],"curies":[{"name":"wp","href":"https:\/\/api.w.org\/{rel}","templated":true}]}}